{"id":2640,"date":"2019-10-11T15:21:02","date_gmt":"2019-10-11T13:21:02","guid":{"rendered":"https:\/\/www.kfz-expert.de\/?p=2640"},"modified":"2019-10-11T15:21:02","modified_gmt":"2019-10-11T13:21:02","slug":"urteil-des-ag-mannheim-vom-25-11-2013-zur-beruecksichtigung-von-unverbindlichen-preisempfehlungsaufschlaegen-verbringungs-und-beilackierungskosten-bei-fiktiver-schadensabrechnung","status":"publish","type":"post","link":"https:\/\/www.kfz-expert.de\/?p=2640","title":{"rendered":"Urteil des AG Mannheim vom 25.11.2013 zur Ber\u00fccksichtigung von unverbindlichen Preisempfehlungsaufschl\u00e4gen, Verbringungs- und Beilackierungskosten bei fiktiver Schadensabrechnung"},"content":{"rendered":"<ol>\n<li>\n<div align=\"justify\"><strong>Werden durch ortsans\u00e4ssigen Markenwerkst\u00e4tten sowohl Kosten f\u00fcr die Verbringung als auch Beilackierungskosten in Rechnung gestellt, k\u00f6nnen diese bei der fiktiven Schadensabrechnung angerechnet werden.<br \/>\n<\/strong><\/div>\n<\/li>\n<li>\n<div align=\"justify\"><strong>Orts\u00fcbliche UPE-Zuschl\u00e4ge sind ebenfalls bei fiktiver Schadensabrechnung einzubeziehen.<br \/>\n<\/strong><\/div>\n<\/li>\n<\/ol>\n<p><strong><em>Aus den Gr\u00fcnden:<\/em><\/strong><\/p>\n<p align=\"justify\">.. &#8230;Auch die im Gutachten genannten Verbringungskosten sowie die Kosten der Beilackierung sind im Rahmen der fiktiven Schadensabrechnung ber\u00fccksichtigungsf\u00e4hig. Der Kl\u00e4ger legt hierzu dar, dass regionale markengebundene Fachwerkst\u00e4tten sowohl Verbringungskosten als auch die Kosten der Beilackierung berechnen. Dem ist der Beklagte nicht substantiiert entgegengetreten. Wenn der Gesch\u00e4digte anerkanntermassen einen Betrag in H\u00f6he der Kosten beanspruchen kann, die bei der Reparatur in einer markengebundenen Fachwerkstatt anfallen w\u00fcrden, z\u00e4hlen dazu auch f\u00fcr unverbindliche Preisempfehlungszuschl\u00e4ge, die von solchen Reparaturbetrieben tats\u00e4chlich erhoben werden.. ..<\/p>\n<p><em><strong><span>Quelle:\u00a0<\/span><\/strong><span>Urteil des AG Mannheim vom 25.11.2013, Az.: 1 C 331\/13<\/span><\/em><\/p>\n","protected":false},"excerpt":{"rendered":"<p>Werden durch ortsans\u00e4ssigen Markenwerkst\u00e4tten sowohl Kosten f\u00fcr die Verbringung als auch Beilackierungskosten in Rechnung gestellt, k\u00f6nnen diese bei der fiktiven Schadensabrechnung angerechnet werden. Orts\u00fcbliche UPE-Zuschl\u00e4ge sind ebenfalls bei fiktiver Schadensabrechnung einzubeziehen. Aus den Gr\u00fcnden: .. &#8230;Auch die im Gutachten genannten Verbringungskosten sowie die Kosten der Beilackierung sind im Rahmen der fiktiven Schadensabrechnung ber\u00fccksichtigungsf\u00e4hig. Der Kl\u00e4ger [&hellip;]<\/p>\n","protected":false},"author":1,"featured_media":2160,"comment_status":"open","ping_status":"open","sticky":false,"template":"","format":"standard","meta":[],"categories":[2],"tags":[],"_links":{"self":[{"href":"https:\/\/www.kfz-expert.de\/index.php?rest_route=\/wp\/v2\/posts\/2640"}],"collection":[{"href":"https:\/\/www.kfz-expert.de\/index.php?rest_route=\/wp\/v2\/posts"}],"about":[{"href":"https:\/\/www.kfz-expert.de\/index.php?rest_route=\/wp\/v2\/types\/post"}],"author":[{"embeddable":true,"href":"https:\/\/www.kfz-expert.de\/index.php?rest_route=\/wp\/v2\/users\/1"}],"replies":[{"embeddable":true,"href":"https:\/\/www.kfz-expert.de\/index.php?rest_route=%2Fwp%2Fv2%2Fcomments&post=2640"}],"version-history":[{"count":1,"href":"https:\/\/www.kfz-expert.de\/index.php?rest_route=\/wp\/v2\/posts\/2640\/revisions"}],"predecessor-version":[{"id":2641,"href":"https:\/\/www.kfz-expert.de\/index.php?rest_route=\/wp\/v2\/posts\/2640\/revisions\/2641"}],"wp:featuredmedia":[{"embeddable":true,"href":"https:\/\/www.kfz-expert.de\/index.php?rest_route=\/wp\/v2\/media\/2160"}],"wp:attachment":[{"href":"https:\/\/www.kfz-expert.de\/index.php?rest_route=%2Fwp%2Fv2%2Fmedia&parent=2640"}],"wp:term":[{"taxonomy":"category","embeddable":true,"href":"https:\/\/www.kfz-expert.de\/index.php?rest_route=%2Fwp%2Fv2%2Fcategories&post=2640"},{"taxonomy":"post_tag","embeddable":true,"href":"https:\/\/www.kfz-expert.de\/index.php?rest_route=%2Fwp%2Fv2%2Ftags&post=2640"}],"curies":[{"name":"wp","href":"https:\/\/api.w.org\/{rel}","templated":true}]}}