{"id":2563,"date":"2019-10-11T14:09:52","date_gmt":"2019-10-11T12:09:52","guid":{"rendered":"https:\/\/www.kfz-expert.de\/?p=2563"},"modified":"2019-10-11T14:09:52","modified_gmt":"2019-10-11T12:09:52","slug":"urteil-des-lg-nuernberg-fuerth-vom-13-01-2010-keine-fiktive-abrechnung-der-stundenverrechnungssaetze-einer-markengebundenen-fachwerkstatt-bei-aelteren-fahrzeugenurteil-des-lg-nuernberg-fuerth-vom-13","status":"publish","type":"post","link":"https:\/\/www.kfz-expert.de\/?p=2563","title":{"rendered":"Urteil des LG N\u00fcrnberg-F\u00fcrth vom 13.01.2010 &#8211; Keine fiktive Abrechnung der Stundenverrechnungss\u00e4tze einer markengebundenen Fachwerkstatt bei \u00e4lteren FahrzeugenUrteil des LG N\u00fcrnberg-F\u00fcrth vom 13.01.2010 &#8211; Keine fiktive Abrechnung der Stundenverrechnungss\u00e4tze einer markengebundenen Fachwerkstatt bei \u00e4lteren Fahrzeugen"},"content":{"rendered":"<p><strong>Ist ein Fahrzeug \u00e4lter als drei Jahre, ist es einem Gesch\u00e4digten zumutbar sein Fahrzeug in einer fachlich gleichwertigen und g\u00fcnstigeren, nicht markengebundenen Fachwerkstatt in Stand setzen zu lassen.<br \/>\nAus diesem Grund kann er auch bei fiktiver Abrechnung nicht auf die Stundenverrechnungss\u00e4tze einer markengebundenen Fachwerkstatt zur\u00fcckgreifen.<\/strong><\/p>\n<p style=\"font-weight: 400;\"><strong><em>Aus den Gr\u00fcnden:<\/em><\/strong><\/p>\n<p style=\"font-weight: 400;\">&#8230;Im vorliegenden Fall ist das gesch\u00e4digte Fahrzeug \u00e4lter als drei Jahre. Der Kl\u00e4ger h\u00e4tte daher nach der neuesten Rspr. des BGH darlegen und beweisen m\u00fcssen, dass er sein Fahrzeug bisher stets in einer markengebundenen Fachwerkstatt hat warten und reparieren lassen.<\/p>\n<p style=\"font-weight: 400;\">Ein Vortrag hierzu fehlt seitens der Klagepartei g\u00e4nzlich, so dass eine Unzumutbarkeit nicht in Betracht kommt.\u00a0Ein Anspruch auf die fiktiven Reparaturkosten in einer markengebundenen Fachwerkst\u00e4tte besteht daher nicht. Auf die Berufung der Beklagten war das amstgerichtliche Urteil deshalb aufzuheben und die Klage abzuweisen&#8230;<\/p>\n<p style=\"font-weight: 400;\"><em><strong>Quelle:<\/strong>\u00a0Urteil des LG N\u00fcrnberg-F\u00fcrth vom 13.01.2010, Az.: 8 S 6446\/09<\/em><\/p>\n","protected":false},"excerpt":{"rendered":"<p>Ist ein Fahrzeug \u00e4lter als drei Jahre, ist es einem Gesch\u00e4digten zumutbar sein Fahrzeug in einer fachlich gleichwertigen und g\u00fcnstigeren, nicht markengebundenen Fachwerkstatt in Stand setzen zu lassen. Aus diesem Grund kann er auch bei fiktiver Abrechnung nicht auf die Stundenverrechnungss\u00e4tze einer markengebundenen Fachwerkstatt zur\u00fcckgreifen. Aus den Gr\u00fcnden: &#8230;Im vorliegenden Fall ist das gesch\u00e4digte Fahrzeug [&hellip;]<\/p>\n","protected":false},"author":1,"featured_media":2160,"comment_status":"open","ping_status":"open","sticky":false,"template":"","format":"standard","meta":[],"categories":[2],"tags":[],"_links":{"self":[{"href":"https:\/\/www.kfz-expert.de\/index.php?rest_route=\/wp\/v2\/posts\/2563"}],"collection":[{"href":"https:\/\/www.kfz-expert.de\/index.php?rest_route=\/wp\/v2\/posts"}],"about":[{"href":"https:\/\/www.kfz-expert.de\/index.php?rest_route=\/wp\/v2\/types\/post"}],"author":[{"embeddable":true,"href":"https:\/\/www.kfz-expert.de\/index.php?rest_route=\/wp\/v2\/users\/1"}],"replies":[{"embeddable":true,"href":"https:\/\/www.kfz-expert.de\/index.php?rest_route=%2Fwp%2Fv2%2Fcomments&post=2563"}],"version-history":[{"count":1,"href":"https:\/\/www.kfz-expert.de\/index.php?rest_route=\/wp\/v2\/posts\/2563\/revisions"}],"predecessor-version":[{"id":2564,"href":"https:\/\/www.kfz-expert.de\/index.php?rest_route=\/wp\/v2\/posts\/2563\/revisions\/2564"}],"wp:featuredmedia":[{"embeddable":true,"href":"https:\/\/www.kfz-expert.de\/index.php?rest_route=\/wp\/v2\/media\/2160"}],"wp:attachment":[{"href":"https:\/\/www.kfz-expert.de\/index.php?rest_route=%2Fwp%2Fv2%2Fmedia&parent=2563"}],"wp:term":[{"taxonomy":"category","embeddable":true,"href":"https:\/\/www.kfz-expert.de\/index.php?rest_route=%2Fwp%2Fv2%2Fcategories&post=2563"},{"taxonomy":"post_tag","embeddable":true,"href":"https:\/\/www.kfz-expert.de\/index.php?rest_route=%2Fwp%2Fv2%2Ftags&post=2563"}],"curies":[{"name":"wp","href":"https:\/\/api.w.org\/{rel}","templated":true}]}}